{"id":18169,"date":"2024-02-23T11:40:53","date_gmt":"2024-02-23T18:40:53","guid":{"rendered":"https:\/\/nordiqcanada.ca\/?p=18169"},"modified":"2024-02-23T11:42:06","modified_gmt":"2024-02-23T18:42:06","slug":"avis-delection-representante-des-athletes-pour-le-conseil-dadministration-de-nordiq-canada","status":"publish","type":"post","link":"https:\/\/nordiqcanada.ca\/fr\/avis-delection-representante-des-athletes-pour-le-conseil-dadministration-de-nordiq-canada\/","title":{"rendered":"Avis d\u2019\u00e9lection : Repr\u00e9sentante des athl\u00e8tes pour le conseil d\u2019administration de Nordiq Canada\u00a0"},"content":{"rendered":"<p><strong>\u00c0 propos du r\u00f4le\u00a0<\/strong><br \/>\nLes repr\u00e9sentants des athl\u00e8tes sont des membres ayant droit de vote au sein du conseil d\u2019administration de Nordiq Canada. Lors des prises de d\u00e9cisions du CA, ils repr\u00e9sentent le point de vue des athl\u00e8tes qui d\u00e9tiennent une licence de course de Nordiq Canada. Ils sont essentiels pour veiller \u00e0 ce que les athl\u00e8tes soient entendus et assurer le succ\u00e8s de Nordiq Canada en tant qu\u2019organisation.<\/p>\n<p>Nordiq Canada compte deux r\u00f4les de repr\u00e9sentants des athl\u00e8tes et l\u2019\u00e9quit\u00e9 des genres est requise. Le repr\u00e9sentant des athl\u00e8tes actuel est Julian Smith. Julian a \u00e9t\u00e9 \u00e9lue en 2023 pour un mandat de deux ans. Cette \u00e9lection servira \u00e0 \u00e9lire la repr\u00e9sentante des athl\u00e8tes. La repr\u00e9sentante des athl\u00e8tes actuelle est Katie\u202fWeaver. Katie a \u00e9t\u00e9 \u00e9lue en 2022 pour un mandat de deux ans.<\/p>\n<p>Des candidates qui repr\u00e9sentent tous les athl\u00e8tes, des volets olympique et paralympique, sont d\u00e9sir\u00e9s.<\/p>\n<p>&nbsp;<\/p>\n<p><a href=\"https:\/\/nordiqcanada.ca\/wp-content\/uploads\/Athlete-Director-Election-2024-FR.pdf\"><strong>En savoir plus<\/strong><\/a><\/p>\n<p>&nbsp;<\/p>\n<p>Les candidats int\u00e9ress\u00e9s doivent\u202f:<\/p>\n<p>&nbsp;<\/p>\n<ul>\n<li>Envoyer un courriel \u00e0 Charlotte MacNaughton (membre du conseil d\u2019administration de Nordiq Canada) au\u00a0<a href=\"mailto:charlotte@barebones.ca\" target=\"_blank\" rel=\"noopener\" data-cke-saved-href=\"mailto:charlotte@barebones.ca\">charlotte@barebones.ca<\/a>\u00a0d\u2019ici le\u00a0<strong>11 mars 2023 \u00e0 23\u202fh\u202f59 HNP<\/strong>\u00a0pour aviser Nordiq Canada de leur intention de se pr\u00e9senter aux \u00e9lections.<\/li>\n<li>Soumettre une courte pr\u00e9sentation \u00e9crite qui sera lue par les athl\u00e8tes avant le vote. La pr\u00e9sentation \u00e9crite doit \u00eatre envoy\u00e9e \u00e0 Charlotte MacNaughton au\u00a0<a href=\"mailto:charlotte@barebones.ca\" target=\"_blank\" rel=\"noopener\" data-cke-saved-href=\"mailto:charlotte@barebones.ca\">charlotte@barebones.ca<\/a>\u00a0d\u2019ici le 11\u202fmars 2023 \u00e0 23\u202fh\u202f59 HNP et contenir les renseignements suivants\u202f:\n<ul>\n<li>Renseignements g\u00e9n\u00e9raux\u202f: Nom, \u00e2ge, club\/\u00e9quipe, province ou territoire<\/li>\n<li>Une d\u00e9claration de 1000\u202fmots sur les comp\u00e9tences\/exp\u00e9riences pertinentes que vous poss\u00e9dez et la raison pour laquelle vous pensez \u00eatre le bon athl\u00e8te pour le poste.<\/li>\n<\/ul>\n<\/li>\n<\/ul>\n","protected":false},"excerpt":{"rendered":"<p>\u00c0 propos du r\u00f4le\u00a0 Les repr\u00e9sentants des athl\u00e8tes sont des membres ayant droit de vote au sein du conseil d\u2019administration de Nordiq Canada. Lors des prises de d\u00e9cisions du CA, ils repr\u00e9sentent le point de vue des athl\u00e8tes qui d\u00e9tiennent une licence de course de Nordiq Canada. Ils sont essentiels pour veiller \u00e0 ce que [&hellip;]<\/p>\n","protected":false},"author":37,"featured_media":18167,"comment_status":"closed","ping_status":"closed","sticky":false,"template":"","format":"standard","meta":{"_et_pb_use_builder":"","_et_pb_old_content":"","_et_gb_content_width":"","footnotes":""},"categories":[1339],"tags":[],"class_list":["post-18169","post","type-post","status-publish","format-standard","has-post-thumbnail","hentry","category-non-classifiee"],"yoast_head":"<!-- This site is optimized with the Yoast SEO plugin v27.5 - https:\/\/yoast.com\/product\/yoast-seo-wordpress\/ -->\n<title>Avis d\u2019\u00e9lection : Repr\u00e9sentante des athl\u00e8tes pour le conseil d\u2019administration de Nordiq Canada\u00a0 - Nordiq Canada<\/title>\n<meta name=\"robots\" content=\"index, follow, max-snippet:-1, max-image-preview:large, max-video-preview:-1\" \/>\n<link rel=\"canonical\" href=\"https:\/\/nordiqcanada.ca\/fr\/avis-delection-representante-des-athletes-pour-le-conseil-dadministration-de-nordiq-canada\/\" \/>\n<meta property=\"og:locale\" content=\"fr_FR\" \/>\n<meta property=\"og:type\" content=\"article\" \/>\n<meta property=\"og:title\" content=\"Avis d\u2019\u00e9lection : Repr\u00e9sentante des athl\u00e8tes pour le conseil d\u2019administration de Nordiq Canada\u00a0 - Nordiq Canada\" \/>\n<meta property=\"og:description\" content=\"\u00c0 propos du r\u00f4le\u00a0 Les repr\u00e9sentants des athl\u00e8tes sont des membres ayant droit de vote au sein du conseil d\u2019administration de Nordiq Canada. Lors des prises de d\u00e9cisions du CA, ils repr\u00e9sentent le point de vue des athl\u00e8tes qui d\u00e9tiennent une licence de course de Nordiq Canada. Ils sont essentiels pour veiller \u00e0 ce que [&hellip;]\" \/>\n<meta property=\"og:url\" content=\"https:\/\/nordiqcanada.ca\/fr\/avis-delection-representante-des-athletes-pour-le-conseil-dadministration-de-nordiq-canada\/\" \/>\n<meta property=\"og:site_name\" content=\"Nordiq Canada\" \/>\n<meta property=\"article:published_time\" content=\"2024-02-23T18:40:53+00:00\" \/>\n<meta property=\"article:modified_time\" content=\"2024-02-23T18:42:06+00:00\" \/>\n<meta property=\"og:image\" content=\"https:\/\/nordiqcanada.ca\/wp-content\/uploads\/2.png\" \/>\n\t<meta property=\"og:image:width\" content=\"915\" \/>\n\t<meta property=\"og:image:height\" content=\"1280\" \/>\n\t<meta property=\"og:image:type\" content=\"image\/png\" \/>\n<meta name=\"author\" content=\"Nathaniel Mah\" \/>\n<meta name=\"twitter:card\" content=\"summary_large_image\" \/>\n<meta name=\"twitter:label1\" content=\"\u00c9crit par\" \/>\n\t<meta name=\"twitter:data1\" content=\"Nathaniel Mah\" \/>\n\t<meta name=\"twitter:label2\" content=\"Dur\u00e9e de lecture estim\u00e9e\" \/>\n\t<meta name=\"twitter:data2\" content=\"2 minutes\" \/>\n<script type=\"application\/ld+json\" class=\"yoast-schema-graph\">{\"@context\":\"https:\\\/\\\/schema.org\",\"@graph\":[{\"@type\":\"Article\",\"@id\":\"https:\\\/\\\/nordiqcanada.ca\\\/fr\\\/avis-delection-representante-des-athletes-pour-le-conseil-dadministration-de-nordiq-canada\\\/#article\",\"isPartOf\":{\"@id\":\"https:\\\/\\\/nordiqcanada.ca\\\/fr\\\/avis-delection-representante-des-athletes-pour-le-conseil-dadministration-de-nordiq-canada\\\/\"},\"author\":{\"name\":\"Nathaniel Mah\",\"@id\":\"https:\\\/\\\/nordiqcanada.ca\\\/fr\\\/#\\\/schema\\\/person\\\/4e954c376e2e3d5c9b566c6a30876018\"},\"headline\":\"Avis d\u2019\u00e9lection : Repr\u00e9sentante des athl\u00e8tes pour le conseil d\u2019administration de Nordiq Canada\u00a0\",\"datePublished\":\"2024-02-23T18:40:53+00:00\",\"dateModified\":\"2024-02-23T18:42:06+00:00\",\"mainEntityOfPage\":{\"@id\":\"https:\\\/\\\/nordiqcanada.ca\\\/fr\\\/avis-delection-representante-des-athletes-pour-le-conseil-dadministration-de-nordiq-canada\\\/\"},\"wordCount\":314,\"publisher\":{\"@id\":\"https:\\\/\\\/nordiqcanada.ca\\\/fr\\\/#organization\"},\"image\":{\"@id\":\"https:\\\/\\\/nordiqcanada.ca\\\/fr\\\/avis-delection-representante-des-athletes-pour-le-conseil-dadministration-de-nordiq-canada\\\/#primaryimage\"},\"thumbnailUrl\":\"https:\\\/\\\/nordiqcanada.ca\\\/wp-content\\\/uploads\\\/2.png\",\"articleSection\":[\"Non classifi\u00e9(e)\"],\"inLanguage\":\"fr-FR\"},{\"@type\":\"WebPage\",\"@id\":\"https:\\\/\\\/nordiqcanada.ca\\\/fr\\\/avis-delection-representante-des-athletes-pour-le-conseil-dadministration-de-nordiq-canada\\\/\",\"url\":\"https:\\\/\\\/nordiqcanada.ca\\\/fr\\\/avis-delection-representante-des-athletes-pour-le-conseil-dadministration-de-nordiq-canada\\\/\",\"name\":\"Avis d\u2019\u00e9lection : Repr\u00e9sentante des athl\u00e8tes pour le conseil d\u2019administration de Nordiq Canada\u00a0 - Nordiq Canada\",\"isPartOf\":{\"@id\":\"https:\\\/\\\/nordiqcanada.ca\\\/fr\\\/#website\"},\"primaryImageOfPage\":{\"@id\":\"https:\\\/\\\/nordiqcanada.ca\\\/fr\\\/avis-delection-representante-des-athletes-pour-le-conseil-dadministration-de-nordiq-canada\\\/#primaryimage\"},\"image\":{\"@id\":\"https:\\\/\\\/nordiqcanada.ca\\\/fr\\\/avis-delection-representante-des-athletes-pour-le-conseil-dadministration-de-nordiq-canada\\\/#primaryimage\"},\"thumbnailUrl\":\"https:\\\/\\\/nordiqcanada.ca\\\/wp-content\\\/uploads\\\/2.png\",\"datePublished\":\"2024-02-23T18:40:53+00:00\",\"dateModified\":\"2024-02-23T18:42:06+00:00\",\"breadcrumb\":{\"@id\":\"https:\\\/\\\/nordiqcanada.ca\\\/fr\\\/avis-delection-representante-des-athletes-pour-le-conseil-dadministration-de-nordiq-canada\\\/#breadcrumb\"},\"inLanguage\":\"fr-FR\",\"potentialAction\":[{\"@type\":\"ReadAction\",\"target\":[\"https:\\\/\\\/nordiqcanada.ca\\\/fr\\\/avis-delection-representante-des-athletes-pour-le-conseil-dadministration-de-nordiq-canada\\\/\"]}]},{\"@type\":\"ImageObject\",\"inLanguage\":\"fr-FR\",\"@id\":\"https:\\\/\\\/nordiqcanada.ca\\\/fr\\\/avis-delection-representante-des-athletes-pour-le-conseil-dadministration-de-nordiq-canada\\\/#primaryimage\",\"url\":\"https:\\\/\\\/nordiqcanada.ca\\\/wp-content\\\/uploads\\\/2.png\",\"contentUrl\":\"https:\\\/\\\/nordiqcanada.ca\\\/wp-content\\\/uploads\\\/2.png\",\"width\":915,\"height\":1280},{\"@type\":\"BreadcrumbList\",\"@id\":\"https:\\\/\\\/nordiqcanada.ca\\\/fr\\\/avis-delection-representante-des-athletes-pour-le-conseil-dadministration-de-nordiq-canada\\\/#breadcrumb\",\"itemListElement\":[{\"@type\":\"ListItem\",\"position\":1,\"name\":\"Home\",\"item\":\"https:\\\/\\\/nordiqcanada.ca\\\/fr\\\/\"},{\"@type\":\"ListItem\",\"position\":2,\"name\":\"Avis d\u2019\u00e9lection : Repr\u00e9sentante des athl\u00e8tes pour le conseil d\u2019administration de Nordiq Canada\u00a0\"}]},{\"@type\":\"WebSite\",\"@id\":\"https:\\\/\\\/nordiqcanada.ca\\\/fr\\\/#website\",\"url\":\"https:\\\/\\\/nordiqcanada.ca\\\/fr\\\/\",\"name\":\"Nordiq Canada\",\"description\":\"\",\"publisher\":{\"@id\":\"https:\\\/\\\/nordiqcanada.ca\\\/fr\\\/#organization\"},\"potentialAction\":[{\"@type\":\"SearchAction\",\"target\":{\"@type\":\"EntryPoint\",\"urlTemplate\":\"https:\\\/\\\/nordiqcanada.ca\\\/fr\\\/?s={search_term_string}\"},\"query-input\":{\"@type\":\"PropertyValueSpecification\",\"valueRequired\":true,\"valueName\":\"search_term_string\"}}],\"inLanguage\":\"fr-FR\"},{\"@type\":\"Organization\",\"@id\":\"https:\\\/\\\/nordiqcanada.ca\\\/fr\\\/#organization\",\"name\":\"Nordiq Canada\",\"url\":\"https:\\\/\\\/nordiqcanada.ca\\\/fr\\\/\",\"logo\":{\"@type\":\"ImageObject\",\"inLanguage\":\"fr-FR\",\"@id\":\"https:\\\/\\\/nordiqcanada.ca\\\/fr\\\/#\\\/schema\\\/logo\\\/image\\\/\",\"url\":\"https:\\\/\\\/nordiqcanada.ca\\\/wp-content\\\/uploads\\\/Nordiq-Canada_stacked-logo.png\",\"contentUrl\":\"https:\\\/\\\/nordiqcanada.ca\\\/wp-content\\\/uploads\\\/Nordiq-Canada_stacked-logo.png\",\"width\":600,\"height\":721,\"caption\":\"Nordiq Canada\"},\"image\":{\"@id\":\"https:\\\/\\\/nordiqcanada.ca\\\/fr\\\/#\\\/schema\\\/logo\\\/image\\\/\"}},{\"@type\":\"Person\",\"@id\":\"https:\\\/\\\/nordiqcanada.ca\\\/fr\\\/#\\\/schema\\\/person\\\/4e954c376e2e3d5c9b566c6a30876018\",\"name\":\"Nathaniel Mah\",\"image\":{\"@type\":\"ImageObject\",\"inLanguage\":\"fr-FR\",\"@id\":\"https:\\\/\\\/secure.gravatar.com\\\/avatar\\\/df60f6c8614dcefee87c62ecffea701d1882c48dc6276bb5492c73e4b0934ada?s=96&d=mm&r=g\",\"url\":\"https:\\\/\\\/secure.gravatar.com\\\/avatar\\\/df60f6c8614dcefee87c62ecffea701d1882c48dc6276bb5492c73e4b0934ada?s=96&d=mm&r=g\",\"contentUrl\":\"https:\\\/\\\/secure.gravatar.com\\\/avatar\\\/df60f6c8614dcefee87c62ecffea701d1882c48dc6276bb5492c73e4b0934ada?s=96&d=mm&r=g\",\"caption\":\"Nathaniel Mah\"},\"sameAs\":[\"nmah\"],\"url\":\"https:\\\/\\\/nordiqcanada.ca\\\/fr\\\/author\\\/nmah\\\/\"}]}<\/script>\n<!-- \/ Yoast SEO plugin. -->","yoast_head_json":{"title":"Avis d\u2019\u00e9lection : Repr\u00e9sentante des athl\u00e8tes pour le conseil d\u2019administration de Nordiq Canada\u00a0 - Nordiq Canada","robots":{"index":"index","follow":"follow","max-snippet":"max-snippet:-1","max-image-preview":"max-image-preview:large","max-video-preview":"max-video-preview:-1"},"canonical":"https:\/\/nordiqcanada.ca\/fr\/avis-delection-representante-des-athletes-pour-le-conseil-dadministration-de-nordiq-canada\/","og_locale":"fr_FR","og_type":"article","og_title":"Avis d\u2019\u00e9lection : Repr\u00e9sentante des athl\u00e8tes pour le conseil d\u2019administration de Nordiq Canada\u00a0 - Nordiq Canada","og_description":"\u00c0 propos du r\u00f4le\u00a0 Les repr\u00e9sentants des athl\u00e8tes sont des membres ayant droit de vote au sein du conseil d\u2019administration de Nordiq Canada. Lors des prises de d\u00e9cisions du CA, ils repr\u00e9sentent le point de vue des athl\u00e8tes qui d\u00e9tiennent une licence de course de Nordiq Canada. Ils sont essentiels pour veiller \u00e0 ce que [&hellip;]","og_url":"https:\/\/nordiqcanada.ca\/fr\/avis-delection-representante-des-athletes-pour-le-conseil-dadministration-de-nordiq-canada\/","og_site_name":"Nordiq Canada","article_published_time":"2024-02-23T18:40:53+00:00","article_modified_time":"2024-02-23T18:42:06+00:00","og_image":[{"width":915,"height":1280,"url":"https:\/\/nordiqcanada.ca\/wp-content\/uploads\/2.png","type":"image\/png"}],"author":"Nathaniel Mah","twitter_card":"summary_large_image","twitter_misc":{"\u00c9crit par":"Nathaniel Mah","Dur\u00e9e de lecture estim\u00e9e":"2 minutes"},"schema":{"@context":"https:\/\/schema.org","@graph":[{"@type":"Article","@id":"https:\/\/nordiqcanada.ca\/fr\/avis-delection-representante-des-athletes-pour-le-conseil-dadministration-de-nordiq-canada\/#article","isPartOf":{"@id":"https:\/\/nordiqcanada.ca\/fr\/avis-delection-representante-des-athletes-pour-le-conseil-dadministration-de-nordiq-canada\/"},"author":{"name":"Nathaniel Mah","@id":"https:\/\/nordiqcanada.ca\/fr\/#\/schema\/person\/4e954c376e2e3d5c9b566c6a30876018"},"headline":"Avis d\u2019\u00e9lection : Repr\u00e9sentante des athl\u00e8tes pour le conseil d\u2019administration de Nordiq Canada\u00a0","datePublished":"2024-02-23T18:40:53+00:00","dateModified":"2024-02-23T18:42:06+00:00","mainEntityOfPage":{"@id":"https:\/\/nordiqcanada.ca\/fr\/avis-delection-representante-des-athletes-pour-le-conseil-dadministration-de-nordiq-canada\/"},"wordCount":314,"publisher":{"@id":"https:\/\/nordiqcanada.ca\/fr\/#organization"},"image":{"@id":"https:\/\/nordiqcanada.ca\/fr\/avis-delection-representante-des-athletes-pour-le-conseil-dadministration-de-nordiq-canada\/#primaryimage"},"thumbnailUrl":"https:\/\/nordiqcanada.ca\/wp-content\/uploads\/2.png","articleSection":["Non classifi\u00e9(e)"],"inLanguage":"fr-FR"},{"@type":"WebPage","@id":"https:\/\/nordiqcanada.ca\/fr\/avis-delection-representante-des-athletes-pour-le-conseil-dadministration-de-nordiq-canada\/","url":"https:\/\/nordiqcanada.ca\/fr\/avis-delection-representante-des-athletes-pour-le-conseil-dadministration-de-nordiq-canada\/","name":"Avis d\u2019\u00e9lection : Repr\u00e9sentante des athl\u00e8tes pour le conseil d\u2019administration de Nordiq Canada\u00a0 - Nordiq Canada","isPartOf":{"@id":"https:\/\/nordiqcanada.ca\/fr\/#website"},"primaryImageOfPage":{"@id":"https:\/\/nordiqcanada.ca\/fr\/avis-delection-representante-des-athletes-pour-le-conseil-dadministration-de-nordiq-canada\/#primaryimage"},"image":{"@id":"https:\/\/nordiqcanada.ca\/fr\/avis-delection-representante-des-athletes-pour-le-conseil-dadministration-de-nordiq-canada\/#primaryimage"},"thumbnailUrl":"https:\/\/nordiqcanada.ca\/wp-content\/uploads\/2.png","datePublished":"2024-02-23T18:40:53+00:00","dateModified":"2024-02-23T18:42:06+00:00","breadcrumb":{"@id":"https:\/\/nordiqcanada.ca\/fr\/avis-delection-representante-des-athletes-pour-le-conseil-dadministration-de-nordiq-canada\/#breadcrumb"},"inLanguage":"fr-FR","potentialAction":[{"@type":"ReadAction","target":["https:\/\/nordiqcanada.ca\/fr\/avis-delection-representante-des-athletes-pour-le-conseil-dadministration-de-nordiq-canada\/"]}]},{"@type":"ImageObject","inLanguage":"fr-FR","@id":"https:\/\/nordiqcanada.ca\/fr\/avis-delection-representante-des-athletes-pour-le-conseil-dadministration-de-nordiq-canada\/#primaryimage","url":"https:\/\/nordiqcanada.ca\/wp-content\/uploads\/2.png","contentUrl":"https:\/\/nordiqcanada.ca\/wp-content\/uploads\/2.png","width":915,"height":1280},{"@type":"BreadcrumbList","@id":"https:\/\/nordiqcanada.ca\/fr\/avis-delection-representante-des-athletes-pour-le-conseil-dadministration-de-nordiq-canada\/#breadcrumb","itemListElement":[{"@type":"ListItem","position":1,"name":"Home","item":"https:\/\/nordiqcanada.ca\/fr\/"},{"@type":"ListItem","position":2,"name":"Avis d\u2019\u00e9lection : Repr\u00e9sentante des athl\u00e8tes pour le conseil d\u2019administration de Nordiq Canada\u00a0"}]},{"@type":"WebSite","@id":"https:\/\/nordiqcanada.ca\/fr\/#website","url":"https:\/\/nordiqcanada.ca\/fr\/","name":"Nordiq Canada","description":"","publisher":{"@id":"https:\/\/nordiqcanada.ca\/fr\/#organization"},"potentialAction":[{"@type":"SearchAction","target":{"@type":"EntryPoint","urlTemplate":"https:\/\/nordiqcanada.ca\/fr\/?s={search_term_string}"},"query-input":{"@type":"PropertyValueSpecification","valueRequired":true,"valueName":"search_term_string"}}],"inLanguage":"fr-FR"},{"@type":"Organization","@id":"https:\/\/nordiqcanada.ca\/fr\/#organization","name":"Nordiq Canada","url":"https:\/\/nordiqcanada.ca\/fr\/","logo":{"@type":"ImageObject","inLanguage":"fr-FR","@id":"https:\/\/nordiqcanada.ca\/fr\/#\/schema\/logo\/image\/","url":"https:\/\/nordiqcanada.ca\/wp-content\/uploads\/Nordiq-Canada_stacked-logo.png","contentUrl":"https:\/\/nordiqcanada.ca\/wp-content\/uploads\/Nordiq-Canada_stacked-logo.png","width":600,"height":721,"caption":"Nordiq Canada"},"image":{"@id":"https:\/\/nordiqcanada.ca\/fr\/#\/schema\/logo\/image\/"}},{"@type":"Person","@id":"https:\/\/nordiqcanada.ca\/fr\/#\/schema\/person\/4e954c376e2e3d5c9b566c6a30876018","name":"Nathaniel Mah","image":{"@type":"ImageObject","inLanguage":"fr-FR","@id":"https:\/\/secure.gravatar.com\/avatar\/df60f6c8614dcefee87c62ecffea701d1882c48dc6276bb5492c73e4b0934ada?s=96&d=mm&r=g","url":"https:\/\/secure.gravatar.com\/avatar\/df60f6c8614dcefee87c62ecffea701d1882c48dc6276bb5492c73e4b0934ada?s=96&d=mm&r=g","contentUrl":"https:\/\/secure.gravatar.com\/avatar\/df60f6c8614dcefee87c62ecffea701d1882c48dc6276bb5492c73e4b0934ada?s=96&d=mm&r=g","caption":"Nathaniel Mah"},"sameAs":["nmah"],"url":"https:\/\/nordiqcanada.ca\/fr\/author\/nmah\/"}]}},"_links":{"self":[{"href":"https:\/\/nordiqcanada.ca\/fr\/wp-json\/wp\/v2\/posts\/18169","targetHints":{"allow":["GET"]}}],"collection":[{"href":"https:\/\/nordiqcanada.ca\/fr\/wp-json\/wp\/v2\/posts"}],"about":[{"href":"https:\/\/nordiqcanada.ca\/fr\/wp-json\/wp\/v2\/types\/post"}],"author":[{"embeddable":true,"href":"https:\/\/nordiqcanada.ca\/fr\/wp-json\/wp\/v2\/users\/37"}],"replies":[{"embeddable":true,"href":"https:\/\/nordiqcanada.ca\/fr\/wp-json\/wp\/v2\/comments?post=18169"}],"version-history":[{"count":0,"href":"https:\/\/nordiqcanada.ca\/fr\/wp-json\/wp\/v2\/posts\/18169\/revisions"}],"wp:featuredmedia":[{"embeddable":true,"href":"https:\/\/nordiqcanada.ca\/fr\/wp-json\/wp\/v2\/media\/18167"}],"wp:attachment":[{"href":"https:\/\/nordiqcanada.ca\/fr\/wp-json\/wp\/v2\/media?parent=18169"}],"wp:term":[{"taxonomy":"category","embeddable":true,"href":"https:\/\/nordiqcanada.ca\/fr\/wp-json\/wp\/v2\/categories?post=18169"},{"taxonomy":"post_tag","embeddable":true,"href":"https:\/\/nordiqcanada.ca\/fr\/wp-json\/wp\/v2\/tags?post=18169"}],"curies":[{"name":"wp","href":"https:\/\/api.w.org\/{rel}","templated":true}]}}